{"id":6870,"date":"2020-04-22T00:00:00","date_gmt":"2020-04-22T00:00:00","guid":{"rendered":"https:\/\/lynx.legal\/news\/advokatni-kancelar-bnt-opet-ohodnocena-v-zebricku-the-legal-500\/"},"modified":"2020-04-22T00:00:00","modified_gmt":"2020-04-22T00:00:00","slug":"advokatni-kancelar-bnt-opet-ohodnocena-v-zebricku-the-legal-500","status":"publish","type":"post","link":"https:\/\/lynx.legal\/cs\/advokatni-kancelar-bnt-opet-ohodnocena-v-zebricku-the-legal-500\/","title":{"rendered":"Advok\u00e1tn\u00ed kancel\u00e1\u0159 bnt op\u011bt ohodnocena v \u017eeb\u0159\u00ed\u010dku The Legal 500"},"content":{"rendered":"\n<p>S radost\u00ed si dovolujeme ozn\u00e1mit, \u017ee na\u0161e kancel\u00e1\u0159 bnt Praha&nbsp;se op\u011bt um\u00edstila v presti\u017en\u00edm hodnocen\u00ed \u017eeb\u0159\u00ed\u010dku&nbsp;The&nbsp;Legal 500 EMEA Guide 2020.<\/p>\n<p>Skv\u011bl\u00e9 zpr\u00e1vy p\u0159ich\u00e1zej\u00ed i v t\u011bchto t\u011b\u017ek\u00fdch dnech. V\u00fdsledky posledn\u00edho nez\u00e1visl\u00e9ho ratingu mezin\u00e1rodn\u00edho presti\u017en\u00edho \u017eeb\u0159\u00ed\u010dku The&nbsp;Legal 500 EMEA Guide 2020 potvrdily, \u017ee n\u00e1\u0161 t\u00fdm bnt Praha se op\u011bt um\u00edstil mezi p\u0159edn\u00edmi \u010desk\u00fdmi advok\u00e1tn\u00edmi kancel\u00e1\u0159emi.<\/p>\n<p><a href=\"https:\/\/www.legal500.com\/\" target=\"_blank\" rel=\"noopener\"><i><\/a><\/p>\n<p>Stejn\u011b jako v minul\u00e9m roce jsme usp\u011bli ve \u010dty\u0159ech kategori\u00edch &#8211;&nbsp;Korpor\u00e1tn\u00ed pr\u00e1vo a&nbsp;M&amp;A, Nemovitostn\u00ed a stavebn\u00ed pr\u00e1vo, \u0158e\u0161en\u00ed spor\u016f a Dan\u011b. N\u00ed\u017ee vyb\u00edr\u00e1me z na\u0161eho hodnocen\u00ed n\u011bkolik citac\u00ed o n\u00e1s.<\/p>\n<p>Velk\u00fd d\u00edk pat\u0159\u00ed v\u0161em \u010dlen\u016fm na\u0161eho t\u00fdmu za jejich tvrdou pr\u00e1ci a \u00fasil\u00ed a samoz\u0159ejm\u011b obrovsk\u00fd d\u00edk na\u0161im skv\u011bl\u00fdm klient\u016fm za jejich d\u016fv\u011bru a hodnocen\u00ed!<\/p>\n<p>&nbsp;<\/p>\n<hr \/>\n<table>\n<tbody>\n<tr>\n<td>KORPOR\u00c1TN\u00cd PR\u00c1VO A&nbsp;M&amp;A<\/td>\n<\/tr>\n<tr>\n<td>\n<p><a class=\"legalease-display-reference non-profiling\">bnt attorneys-at-law<\/a>&nbsp;is described as &#8218;strong and highly experienced&#8218; in corporate transactions, especially in the real estate sector. The team&nbsp;led by <a class=\"legalease-display-reference non-profiling\">Jan \u0160afr\u00e1nek<\/a>&nbsp;and <a class=\"legalease-display-reference non-profiling\">Pavel Pravda<\/a>&nbsp;also handles cross-border and contentious matters. <a class=\"legalease-display-reference non-profiling\">Peter Maysenh\u00f6lder<\/a>&nbsp;is dual qualified in the Czech Republic and Germany and specialises in commercial and corporate law.<\/p>\n<p>\u2018Jan Safanek is very professional and creative and has a problem-solving approach.\u2018<\/p>\n<div class=\"testimonials-list\">\u2018Tailor-made solutions. Friendly, pro-client approach. Professionals.\u2019<\/p>\n<hr \/>\n<\/div>\n<\/td>\n<\/tr>\n<tr>\n<td>NEMOVITOSTN\u00cd A STAVEBN\u00cd PR\u00c1VO<\/td>\n<\/tr>\n<tr>\n<td>\n<div>\n<p><a class=\"legalease-display-reference non-profiling\">bnt attorneys-at-law<\/a>&nbsp;is described as &#8218;strong&nbsp;and highly experienced in real estate transactions&#8218; and has a wide reach across the CEE region. The team has particular expertise in the construction sector, advising on a wide range of matters such as permit processing, lease arrangements and contracts.&nbsp;<a class=\"legalease-display-reference non-profiling\">Tom\u00e1\u0161 B\u011bhounek<\/a>&nbsp;and <a class=\"legalease-display-reference non-profiling\">Pavel Pravda<\/a>&nbsp;handle mid-sized deals in the real estate sector&nbsp;and have experience in project financing. Senior associate <a class=\"legalease-display-reference non-profiling\">Tereza Chalupov\u00e1<\/a>&nbsp;is noted for her focus on contentious real estate matters and arbitration experience.<\/p>\n<p>\u2018The team is always ready to help, despite the time pressure. I highly appreciate their broad knowledge of the market and personal contact with almost all other professionals.\u2019<\/p>\n<hr \/>\n<\/div>\n<\/td>\n<\/tr>\n<tr>\n<td>\u0158E\u0160EN\u00cd SPOR\u016e<\/td>\n<\/tr>\n<tr>\n<td>\n<p><a class=\"legalease-display-reference non-profiling\">bnt attorneys-at-law<\/a>&nbsp;has experience representing clients in commercial litigation, as well as&nbsp;employment and corporate disputes. <a class=\"legalease-display-reference non-profiling\">Jan \u0160afr\u00e1nek<\/a>&nbsp;headS the dispute resolution practice, which includes senior associate <a class=\"legalease-display-reference non-profiling\">Stephan Heidenhain<\/a>, who represents creditors in insolvency proceedings.<\/p>\n<hr \/>\n<\/td>\n<\/tr>\n<tr>\n<td>DAN\u011a<\/td>\n<\/tr>\n<tr>\n<td>\n<p><a class=\"legalease-display-reference non-profiling\">bnt attorneys-at-law<\/a>&nbsp;handles mid-sized level tax transactions and is singled out for its &#8218;high-level of credibility&#8218;. Led by <a class=\"legalease-display-reference non-profiling\">Mark\u00e9ta Pravdov\u00e1<\/a>, the team is experienced in audit matters and representing clients before the authorities. <a class=\"legalease-display-reference non-profiling\">Lenka Zachardov\u00e1<\/a>&nbsp;is recommended for her advisory services with a focus on corporate tax.<\/p>\n<p>\u2018Mark\u00e9ta Pravdov\u00e1 is an experienced partner, absolute professional and competent in all legal as well as in tax matters which is still rare.\u2019<\/p>\n<div>\n<div class=\"testimonials-list\">\u2018Lenka Zachardov\u00e1 \u2013 her strength is the excellent ability to find optimal tax solution for any client particular issue.\u2018<\/p>\n<hr \/>\n<\/div><\/div>\n<\/td>\n<\/tr>\n<\/tbody>\n<\/table>\n","protected":false},"excerpt":{"rendered":"<p>S radost\u00ed si dovolujeme ozn\u00e1mit, \u017ee na\u0161e kancel\u00e1\u0159 bnt Praha&nbsp;se op\u011bt um\u00edstila v presti\u017en\u00edm hodnocen\u00ed \u017eeb\u0159\u00ed\u010dku&nbsp;The&nbsp;Legal 500 EMEA Guide 2020. Skv\u011bl\u00e9 zpr\u00e1vy p\u0159ich\u00e1zej\u00ed i v t\u011bchto t\u011b\u017ek\u00fdch dnech. V\u00fdsledky posledn\u00edho nez\u00e1visl\u00e9ho ratingu mezin\u00e1rodn\u00edho presti\u017en\u00edho \u017eeb\u0159\u00ed\u010dku The&nbsp;Legal 500 EMEA Guide 2020 potvrdily, \u017ee n\u00e1\u0161 t\u00fdm bnt Praha se op\u011bt um\u00edstil mezi p\u0159edn\u00edmi \u010desk\u00fdmi advok\u00e1tn\u00edmi kancel\u00e1\u0159emi. Stejn\u011b [&hellip;]<\/p>\n","protected":false},"author":1,"featured_media":5465,"comment_status":"closed","ping_status":"open","sticky":false,"template":"","format":"standard","meta":{"_acf_changed":false,"footnotes":""},"categories":[78],"tags":[79],"class_list":["post-6870","post","type-post","status-publish","format-standard","has-post-thumbnail","hentry","category-bnt","tag-czech"],"acf":[],"_links":{"self":[{"href":"https:\/\/lynx.legal\/cs\/wp-json\/wp\/v2\/posts\/6870","targetHints":{"allow":["GET"]}}],"collection":[{"href":"https:\/\/lynx.legal\/cs\/wp-json\/wp\/v2\/posts"}],"about":[{"href":"https:\/\/lynx.legal\/cs\/wp-json\/wp\/v2\/types\/post"}],"author":[{"embeddable":true,"href":"https:\/\/lynx.legal\/cs\/wp-json\/wp\/v2\/users\/1"}],"replies":[{"embeddable":true,"href":"https:\/\/lynx.legal\/cs\/wp-json\/wp\/v2\/comments?post=6870"}],"version-history":[{"count":0,"href":"https:\/\/lynx.legal\/cs\/wp-json\/wp\/v2\/posts\/6870\/revisions"}],"wp:featuredmedia":[{"embeddable":true,"href":"https:\/\/lynx.legal\/cs\/wp-json\/wp\/v2\/media\/5465"}],"wp:attachment":[{"href":"https:\/\/lynx.legal\/cs\/wp-json\/wp\/v2\/media?parent=6870"}],"wp:term":[{"taxonomy":"category","embeddable":true,"href":"https:\/\/lynx.legal\/cs\/wp-json\/wp\/v2\/categories?post=6870"},{"taxonomy":"post_tag","embeddable":true,"href":"https:\/\/lynx.legal\/cs\/wp-json\/wp\/v2\/tags?post=6870"}],"curies":[{"name":"wp","href":"https:\/\/api.w.org\/{rel}","templated":true}]}}